{"id":1012,"date":"2016-10-21T13:12:28","date_gmt":"2016-10-21T16:12:28","guid":{"rendered":"http:\/\/anpuhpb.org\/site\/?p=1012"},"modified":"2021-09-29T13:13:04","modified_gmt":"2021-09-29T16:13:04","slug":"nota-sobre-a-reforma-do-ensino-medio","status":"publish","type":"post","link":"https:\/\/anpuhpb.org\/site\/notas\/nota-sobre-a-reforma-do-ensino-medio\/","title":{"rendered":"Nota sobre a Reforma do Ensino M\u00e9dio"},"content":{"rendered":"\n<p>A diretoria da ANPUH-PB discorda da maneira como a Reforma do Ensino M\u00e9dio est\u00e1 sendo tratada pelo governo federal, a partir da medida provis\u00f3ria MP 746\/2016, e sem o di\u00e1logo necess\u00e1rio com os especialistas em educa\u00e7\u00e3o e estudantes. Para uma reforma dessa magnitude, que impacta diretamente a vida de milhares de brasileiros, \u00e9 imprescind\u00edvel a participa\u00e7\u00e3o de toda a sociedade, especialmente professores e alunos. Repudiamos a possibilidade de contrata\u00e7\u00e3o de professor a partir do &#8220;not\u00f3rio saber&#8221; por possibilitar uma precariza\u00e7\u00e3o do ensino al\u00e9m do enfraquecimento dos cursos de licenciaturas, essenciais para promoverem a melhoria no ensino b\u00e1sico. Continuamos na defesa de uma educa\u00e7\u00e3o de qualidade que atinja todos os brasileiros, uma educa\u00e7\u00e3o que priorize o processo de constru\u00e7\u00e3o da cidadania, da consci\u00eancia cr\u00edtica e da autonomia do sujeito.<\/p>\n","protected":false},"excerpt":{"rendered":"<p>A diretoria da ANPUH-PB discorda da maneira como a Reforma do Ensino M\u00e9dio est\u00e1 sendo tratada pelo governo federal, a partir da medida provis\u00f3ria MP 746\/2016, e sem o di\u00e1logo necess\u00e1rio com os especialistas em educa\u00e7\u00e3o e estudantes. Para uma reforma dessa magnitude, que impacta diretamente a vida de milhares de brasileiros, \u00e9 imprescind\u00edvel a&hellip;&nbsp;<a href=\"https:\/\/anpuhpb.org\/site\/notas\/nota-sobre-a-reforma-do-ensino-medio\/\" rel=\"bookmark\">Continue a ler &raquo;<span class=\"screen-reader-text\">Nota sobre a Reforma do Ensino M\u00e9dio<\/span><\/a><\/p>\n","protected":false},"author":2,"featured_media":0,"comment_status":"closed","ping_status":"open","sticky":false,"template":"","format":"standard","meta":{"neve_meta_sidebar":"","neve_meta_container":"","neve_meta_enable_content_width":"","neve_meta_content_width":0,"neve_meta_title_alignment":"","neve_meta_author_avatar":"","neve_post_elements_order":"","neve_meta_disable_header":"","neve_meta_disable_footer":"","neve_meta_disable_title":"","footnotes":""},"categories":[8],"tags":[],"class_list":["post-1012","post","type-post","status-publish","format-standard","hentry","category-notas"],"featured_image_src":null,"author_info":{"display_name":"Editoria","author_link":"https:\/\/anpuhpb.org\/site\/author\/editoria\/"},"_links":{"self":[{"href":"https:\/\/anpuhpb.org\/site\/wp-json\/wp\/v2\/posts\/1012","targetHints":{"allow":["GET"]}}],"collection":[{"href":"https:\/\/anpuhpb.org\/site\/wp-json\/wp\/v2\/posts"}],"about":[{"href":"https:\/\/anpuhpb.org\/site\/wp-json\/wp\/v2\/types\/post"}],"author":[{"embeddable":true,"href":"https:\/\/anpuhpb.org\/site\/wp-json\/wp\/v2\/users\/2"}],"replies":[{"embeddable":true,"href":"https:\/\/anpuhpb.org\/site\/wp-json\/wp\/v2\/comments?post=1012"}],"version-history":[{"count":1,"href":"https:\/\/anpuhpb.org\/site\/wp-json\/wp\/v2\/posts\/1012\/revisions"}],"predecessor-version":[{"id":1013,"href":"https:\/\/anpuhpb.org\/site\/wp-json\/wp\/v2\/posts\/1012\/revisions\/1013"}],"wp:attachment":[{"href":"https:\/\/anpuhpb.org\/site\/wp-json\/wp\/v2\/media?parent=1012"}],"wp:term":[{"taxonomy":"category","embeddable":true,"href":"https:\/\/anpuhpb.org\/site\/wp-json\/wp\/v2\/categories?post=1012"},{"taxonomy":"post_tag","embeddable":true,"href":"https:\/\/anpuhpb.org\/site\/wp-json\/wp\/v2\/tags?post=1012"}],"curies":[{"name":"wp","href":"https:\/\/api.w.org\/{rel}","templated":true}]}}