{"id":1090,"date":"2015-04-13T10:50:34","date_gmt":"2015-04-13T13:50:34","guid":{"rendered":"http:\/\/anpuhpb.org\/site\/?p=1090"},"modified":"2021-10-04T13:54:10","modified_gmt":"2021-10-04T16:54:10","slug":"nota-de-pesar-falecimento-de-eduardo-galeano-1940-2015","status":"publish","type":"post","link":"https:\/\/anpuhpb.org\/site\/notas\/nota-de-pesar-falecimento-de-eduardo-galeano-1940-2015\/","title":{"rendered":"NOTA DE PESAR: FALECIMENTO DE EDUARDO GALEANO (1940-2015)"},"content":{"rendered":"\n<div class=\"wp-block-image\"><figure class=\"alignleft size-large is-resized\"><img loading=\"lazy\" decoding=\"async\" src=\"https:\/\/anpuhpb.org\/site\/wp-content\/uploads\/2021\/10\/eduardo_galeano_xinhua3-1024x682.jpeg\" alt=\"\" class=\"wp-image-1093\" width=\"269\" height=\"179\" srcset=\"https:\/\/anpuhpb.org\/site\/wp-content\/uploads\/2021\/10\/eduardo_galeano_xinhua3-1024x682.jpeg 1024w, https:\/\/anpuhpb.org\/site\/wp-content\/uploads\/2021\/10\/eduardo_galeano_xinhua3-300x200.jpeg 300w, https:\/\/anpuhpb.org\/site\/wp-content\/uploads\/2021\/10\/eduardo_galeano_xinhua3-768x511.jpeg 768w, https:\/\/anpuhpb.org\/site\/wp-content\/uploads\/2021\/10\/eduardo_galeano_xinhua3-930x620.jpeg 930w, https:\/\/anpuhpb.org\/site\/wp-content\/uploads\/2021\/10\/eduardo_galeano_xinhua3.jpeg 1280w\" sizes=\"auto, (max-width: 269px) 100vw, 269px\" \/><\/figure><\/div>\n\n\n\n<p>A Diretoria da Associa\u00e7\u00e3o Nacional de Hist\u00f3ria &#8211; Se\u00e7\u00e3o Para\u00edba (ANPUH-PB) lamenta comunicar aos seus associados o falecimento do escritor uruguaio Eduardo Galeano.<\/p>\n\n\n\n<p>&nbsp;&nbsp;&nbsp;&nbsp;&nbsp;&nbsp;&nbsp;&nbsp;&nbsp;&nbsp;&nbsp; Mundialmente conhecido pelo seu c\u00e9lebre <em>As veias abertas da Am\u00e9rica Latina<\/em> (1971), Galeano construiu uma vasta obra liter\u00e1ria, como a trilogia <em>Mem\u00f3ria do Fogo<\/em> (1982-1986), <em>O livro dos abra\u00e7os<\/em> (1989), <em>O futebol ao sol e \u00e0 sombra<\/em> (1995), <em>Espelhos, uma hist\u00f3ria quase universal<\/em> (2008), entre diversos outros escritos nos quais se ressaltavam as suas refinadas qualidades est\u00e9ticas e intelectuais, associadas ao seu profundo car\u00e1ter humanista e compromissado com as candentes quest\u00f5es Latinoamericanas.<\/p>\n\n\n\n<p>Associamos nosso pesar ao de in\u00fameros historiadores que devem parte significativa de sua forma\u00e7\u00e3o aos escritos de Galeano.<\/p>\n\n\n\n<p class=\"has-text-align-right\">Jo\u00e3o Pessoa, 13 de Abril de 2015<\/p>\n","protected":false},"excerpt":{"rendered":"<p>A Diretoria da Associa\u00e7\u00e3o Nacional de Hist\u00f3ria &#8211; Se\u00e7\u00e3o Para\u00edba (ANPUH-PB) lamenta comunicar aos seus associados o falecimento do escritor uruguaio Eduardo Galeano. &nbsp;&nbsp;&nbsp;&nbsp;&nbsp;&nbsp;&nbsp;&nbsp;&nbsp;&nbsp;&nbsp; Mundialmente conhecido pelo seu c\u00e9lebre As veias abertas da Am\u00e9rica Latina (1971), Galeano construiu uma vasta obra liter\u00e1ria, como a trilogia Mem\u00f3ria do Fogo (1982-1986), O livro dos abra\u00e7os (1989), O&hellip;&nbsp;<a href=\"https:\/\/anpuhpb.org\/site\/notas\/nota-de-pesar-falecimento-de-eduardo-galeano-1940-2015\/\" rel=\"bookmark\">Continue a ler &raquo;<span class=\"screen-reader-text\">NOTA DE PESAR: FALECIMENTO DE EDUARDO GALEANO (1940-2015)<\/span><\/a><\/p>\n","protected":false},"author":2,"featured_media":0,"comment_status":"closed","ping_status":"open","sticky":false,"template":"","format":"standard","meta":{"neve_meta_sidebar":"","neve_meta_container":"","neve_meta_enable_content_width":"","neve_meta_content_width":0,"neve_meta_title_alignment":"","neve_meta_author_avatar":"","neve_post_elements_order":"","neve_meta_disable_header":"","neve_meta_disable_footer":"","neve_meta_disable_title":"","footnotes":""},"categories":[8],"tags":[],"class_list":["post-1090","post","type-post","status-publish","format-standard","hentry","category-notas"],"featured_image_src":null,"author_info":{"display_name":"Editoria","author_link":"https:\/\/anpuhpb.org\/site\/author\/editoria\/"},"_links":{"self":[{"href":"https:\/\/anpuhpb.org\/site\/wp-json\/wp\/v2\/posts\/1090","targetHints":{"allow":["GET"]}}],"collection":[{"href":"https:\/\/anpuhpb.org\/site\/wp-json\/wp\/v2\/posts"}],"about":[{"href":"https:\/\/anpuhpb.org\/site\/wp-json\/wp\/v2\/types\/post"}],"author":[{"embeddable":true,"href":"https:\/\/anpuhpb.org\/site\/wp-json\/wp\/v2\/users\/2"}],"replies":[{"embeddable":true,"href":"https:\/\/anpuhpb.org\/site\/wp-json\/wp\/v2\/comments?post=1090"}],"version-history":[{"count":2,"href":"https:\/\/anpuhpb.org\/site\/wp-json\/wp\/v2\/posts\/1090\/revisions"}],"predecessor-version":[{"id":1094,"href":"https:\/\/anpuhpb.org\/site\/wp-json\/wp\/v2\/posts\/1090\/revisions\/1094"}],"wp:attachment":[{"href":"https:\/\/anpuhpb.org\/site\/wp-json\/wp\/v2\/media?parent=1090"}],"wp:term":[{"taxonomy":"category","embeddable":true,"href":"https:\/\/anpuhpb.org\/site\/wp-json\/wp\/v2\/categories?post=1090"},{"taxonomy":"post_tag","embeddable":true,"href":"https:\/\/anpuhpb.org\/site\/wp-json\/wp\/v2\/tags?post=1090"}],"curies":[{"name":"wp","href":"https:\/\/api.w.org\/{rel}","templated":true}]}}